{"id":215219,"date":"2023-12-05T19:28:27","date_gmt":"2023-12-05T18:28:27","guid":{"rendered":"https:\/\/rizosfera.org\/?p=215219"},"modified":"2023-12-06T22:14:14","modified_gmt":"2023-12-06T21:14:14","slug":"14-dicembre-ore-18-00-estetiche-e-linguaggi-del-punk-presentazione-naked-punk-sala-delle-colonne-chiostri-di-san-pietro-re","status":"publish","type":"post","link":"https:\/\/rizosfera.org\/en\/blog\/14-dicembre-ore-18-00-estetiche-e-linguaggi-del-punk-presentazione-naked-punk-sala-delle-colonne-chiostri-di-san-pietro-re\/","title":{"rendered":"14 DICEMBRE, ORE 18.00 :: ESTETICHE E LINGUAGGI DEL PUNK. PRESENTAZIONE NAKED PUNK @SALA DELLE COLONNE, CHIOSTRI DI SAN PIETRO (RE)"},"content":{"rendered":"<h1 dir=\"auto\">14 DICEMBRE, ORE 18.00 :: ESTETICHE E LINGUAGGI DEL PUNK. PRESENTAZIONE DEL LIBRO NAKED PUNK @SALA DELLE COLONNE, CHIOSTRI DI SAN PIETRO (REGGIO EMILIA,Via Emilia S. Pietro, 44c, )<\/h1>\n<div dir=\"auto\"><img loading=\"lazy\" class=\"alignnone size-medium wp-image-215198\" src=\"https:\/\/rizosfera.org\/wp-content\/uploads\/2023\/11\/Presentazione_Estetiche-Punk-212x300.jpg\" alt=\"\" width=\"212\" height=\"300\" srcset=\"https:\/\/rizosfera.org\/wp-content\/uploads\/2023\/11\/Presentazione_Estetiche-Punk-212x300.jpg 212w, https:\/\/rizosfera.org\/wp-content\/uploads\/2023\/11\/Presentazione_Estetiche-Punk-724x1024.jpg 724w, https:\/\/rizosfera.org\/wp-content\/uploads\/2023\/11\/Presentazione_Estetiche-Punk-768x1086.jpg 768w, https:\/\/rizosfera.org\/wp-content\/uploads\/2023\/11\/Presentazione_Estetiche-Punk-88x125.jpg 88w, https:\/\/rizosfera.org\/wp-content\/uploads\/2023\/11\/Presentazione_Estetiche-Punk-276x390.jpg 276w, https:\/\/rizosfera.org\/wp-content\/uploads\/2023\/11\/Presentazione_Estetiche-Punk-283x400.jpg 283w, https:\/\/rizosfera.org\/wp-content\/uploads\/2023\/11\/Presentazione_Estetiche-Punk-127x180.jpg 127w, https:\/\/rizosfera.org\/wp-content\/uploads\/2023\/11\/Presentazione_Estetiche-Punk-184x260.jpg 184w, https:\/\/rizosfera.org\/wp-content\/uploads\/2023\/11\/Presentazione_Estetiche-Punk.jpg 1654w\" sizes=\"(max-width: 212px) 100vw, 212px\" \/><\/div>\n<div dir=\"auto\"><\/div>\n<div dir=\"auto\"><strong>Invito all&#8217;evento del 14 dicembre 2023, ore 18.00 \u00abEstetiche e linguaggi del punk\u00bb<\/strong>, Chiostri di San Pietro, Sala delle Colonne, Reggio Emilia :: Conferenza con presentazione del libro Naked Punk a cura di Macchine Sensibili con <a class=\"x1i10hfl xjbqb8w x6umtig x1b1mbwd xaqea5y xav7gou x9f619 x1ypdohk xt0psk2 xe8uvvx xdj266r x11i5rnm xat24cr x1mh8g0r xexx8yu x4uap5 x18d9i69 xkhd6sd x16tdsg8 x1hl2dhg xggy1nq x1a2a7pz xt0b8zv x1qq9wsj xo1l8bm\" tabindex=\"0\" role=\"link\" href=\"https:\/\/www.facebook.com\/federico.montanari.754?__cft__[0]=AZWSqOa6p7W5Syd9OoxuoSu_Ujbx26PAOssTTpqEkKIPppsFs8hW5V_xlUG5r7w1_IZ0zi46RGnyUwanQj4ENu_37dCMQJnI1l2inp8BCeJa5gou6TYPOYdgBzh79Chg-6fJjEoVigyO2aFy9cFdMa015TfRlC6LObP2RFElZt8OWql5FpvII-UjdUmx3kiVR0o&amp;__tn__=-]K-R\" rel=\"nofollow noopener\" target=\"_blank\"><span class=\"xt0psk2\">Federico Montanari<\/span><\/a> (Unimore) discussant che dialogher\u00e0 con <a class=\"x1i10hfl xjbqb8w x6umtig x1b1mbwd xaqea5y xav7gou x9f619 x1ypdohk xt0psk2 xe8uvvx xdj266r x11i5rnm xat24cr x1mh8g0r xexx8yu x4uap5 x18d9i69 xkhd6sd x16tdsg8 x1hl2dhg xggy1nq x1a2a7pz xt0b8zv x1qq9wsj xo1l8bm\" tabindex=\"0\" role=\"link\" href=\"https:\/\/www.facebook.com\/gabriele.fantuzzi.5?__cft__[0]=AZWSqOa6p7W5Syd9OoxuoSu_Ujbx26PAOssTTpqEkKIPppsFs8hW5V_xlUG5r7w1_IZ0zi46RGnyUwanQj4ENu_37dCMQJnI1l2inp8BCeJa5gou6TYPOYdgBzh79Chg-6fJjEoVigyO2aFy9cFdMa015TfRlC6LObP2RFElZt8OWql5FpvII-UjdUmx3kiVR0o&amp;__tn__=-]K-R\" rel=\"nofollow noopener\" target=\"_blank\"><span class=\"xt0psk2\">Gabriele Fantuzzi<\/span><\/a> di <a class=\"x1i10hfl xjbqb8w x6umtig x1b1mbwd xaqea5y xav7gou x9f619 x1ypdohk xt0psk2 xe8uvvx xdj266r x11i5rnm xat24cr x1mh8g0r xexx8yu x4uap5 x18d9i69 xkhd6sd x16tdsg8 x1hl2dhg xggy1nq x1a2a7pz xt0b8zv x1qq9wsj xo1l8bm\" tabindex=\"0\" role=\"link\" href=\"https:\/\/www.facebook.com\/profile.php?id=100078751902724&amp;__cft__[0]=AZWSqOa6p7W5Syd9OoxuoSu_Ujbx26PAOssTTpqEkKIPppsFs8hW5V_xlUG5r7w1_IZ0zi46RGnyUwanQj4ENu_37dCMQJnI1l2inp8BCeJa5gou6TYPOYdgBzh79Chg-6fJjEoVigyO2aFy9cFdMa015TfRlC6LObP2RFElZt8OWql5FpvII-UjdUmx3kiVR0o&amp;__tn__=-]K-R\" rel=\"nofollow noopener\" target=\"_blank\"><span class=\"xt0psk2\">Delicatessen Design<\/span><\/a> e docente di <a class=\"x1i10hfl xjbqb8w x6umtig x1b1mbwd xaqea5y xav7gou x9f619 x1ypdohk xt0psk2 xe8uvvx xdj266r x11i5rnm xat24cr x1mh8g0r xexx8yu x4uap5 x18d9i69 xkhd6sd x16tdsg8 x1hl2dhg xggy1nq x1a2a7pz xt0b8zv x1qq9wsj xo1l8bm\" tabindex=\"0\" role=\"link\" href=\"https:\/\/www.facebook.com\/scuolacomicsreggioemilia?__cft__[0]=AZWSqOa6p7W5Syd9OoxuoSu_Ujbx26PAOssTTpqEkKIPppsFs8hW5V_xlUG5r7w1_IZ0zi46RGnyUwanQj4ENu_37dCMQJnI1l2inp8BCeJa5gou6TYPOYdgBzh79Chg-6fJjEoVigyO2aFy9cFdMa015TfRlC6LObP2RFElZt8OWql5FpvII-UjdUmx3kiVR0o&amp;__tn__=-]K-R\" rel=\"nofollow noopener\" target=\"_blank\"><span class=\"xt0psk2\">Scuola Internazionale di Comics di Reggio Emilia<\/span><\/a> e Paolo Davoli di <span class=\"xt0psk2\">Rizosfera<\/span>.<\/div>\n<div dir=\"auto\"><\/div>\n<div dir=\"auto\"><strong>Prenotazioni gratuita su Eventbride per la presentazione del libro Naked Punk<\/strong>:<\/div>\n<div dir=\"auto\"><a class=\"x1i10hfl xjbqb8w x6umtig x1b1mbwd xaqea5y xav7gou x9f619 x1ypdohk xt0psk2 xe8uvvx xdj266r x11i5rnm xat24cr x1mh8g0r xexx8yu x4uap5 x18d9i69 xkhd6sd x16tdsg8 x1hl2dhg xggy1nq x1a2a7pz xt0b8zv x1fey0fg\" tabindex=\"0\" role=\"link\" href=\"https:\/\/www.eventbrite.it\/e\/768972807367?fbclid=IwAR2gkiSGkdb5vdyL9B0lV4tle6yJrnoXMIxkqCygfj0zQawmXAiYGkUjNc8\" target=\"_blank\" rel=\"nofollow noopener noreferrer\">https:\/\/www.eventbrite.it\/e\/768972807367<\/a><\/div>\n<div dir=\"auto\"><\/div>\n<div dir=\"auto\"><\/div>\n<div dir=\"auto\"><img loading=\"lazy\" class=\"alignnone size-medium wp-image-214947\" src=\"https:\/\/rizosfera.org\/wp-content\/uploads\/2023\/10\/index-300x196.jpg\" alt=\"\" width=\"300\" height=\"196\" srcset=\"https:\/\/rizosfera.org\/wp-content\/uploads\/2023\/10\/index-300x196.jpg 300w, https:\/\/rizosfera.org\/wp-content\/uploads\/2023\/10\/index-1024x669.jpg 1024w, https:\/\/rizosfera.org\/wp-content\/uploads\/2023\/10\/index-768x502.jpg 768w, https:\/\/rizosfera.org\/wp-content\/uploads\/2023\/10\/index-191x125.jpg 191w, https:\/\/rizosfera.org\/wp-content\/uploads\/2023\/10\/index-597x390.jpg 597w, https:\/\/rizosfera.org\/wp-content\/uploads\/2023\/10\/index-612x400.jpg 612w, https:\/\/rizosfera.org\/wp-content\/uploads\/2023\/10\/index-180x118.jpg 180w, https:\/\/rizosfera.org\/wp-content\/uploads\/2023\/10\/index-260x170.jpg 260w, https:\/\/rizosfera.org\/wp-content\/uploads\/2023\/10\/index-125x82.jpg 125w, https:\/\/rizosfera.org\/wp-content\/uploads\/2023\/10\/index.jpg 1920w\" sizes=\"(max-width: 300px) 100vw, 300px\" \/><\/div>\n<div dir=\"auto\"><\/div>\n<div dir=\"auto\">La presentazione di Naked Punk avverr\u00e0 all&#8217;interno dei &#8216;Gioved\u00ec universitari&#8217; a cura di <a class=\"x1i10hfl xjbqb8w x6umtig x1b1mbwd xaqea5y xav7gou x9f619 x1ypdohk xt0psk2 xe8uvvx xdj266r x11i5rnm xat24cr x1mh8g0r xexx8yu x4uap5 x18d9i69 xkhd6sd x16tdsg8 x1hl2dhg xggy1nq x1a2a7pz xt0b8zv x1qq9wsj xo1l8bm\" tabindex=\"0\" role=\"link\" href=\"https:\/\/www.facebook.com\/FondazionePalazzoMagnani?__cft__[0]=AZWSqOa6p7W5Syd9OoxuoSu_Ujbx26PAOssTTpqEkKIPppsFs8hW5V_xlUG5r7w1_IZ0zi46RGnyUwanQj4ENu_37dCMQJnI1l2inp8BCeJa5gou6TYPOYdgBzh79Chg-6fJjEoVigyO2aFy9cFdMa015TfRlC6LObP2RFElZt8OWql5FpvII-UjdUmx3kiVR0o&amp;__tn__=-]K-R\" rel=\"nofollow noopener\" target=\"_blank\"><span class=\"xt0psk2\">Fondazione Palazzo Magnani<\/span><\/a> in collaborazione con <a class=\"x1i10hfl xjbqb8w x6umtig x1b1mbwd xaqea5y xav7gou x9f619 x1ypdohk xt0psk2 xe8uvvx xdj266r x11i5rnm xat24cr x1mh8g0r xexx8yu x4uap5 x18d9i69 xkhd6sd x16tdsg8 x1hl2dhg xggy1nq x1a2a7pz xt0b8zv x1qq9wsj xo1l8bm\" tabindex=\"0\" role=\"link\" href=\"https:\/\/www.facebook.com\/unimore.it?__cft__[0]=AZWSqOa6p7W5Syd9OoxuoSu_Ujbx26PAOssTTpqEkKIPppsFs8hW5V_xlUG5r7w1_IZ0zi46RGnyUwanQj4ENu_37dCMQJnI1l2inp8BCeJa5gou6TYPOYdgBzh79Chg-6fJjEoVigyO2aFy9cFdMa015TfRlC6LObP2RFElZt8OWql5FpvII-UjdUmx3kiVR0o&amp;__tn__=-]K-R\" rel=\"nofollow noopener\" target=\"_blank\"><span class=\"xt0psk2\">Unimore &#8211; Universit\u00e0 degli Studi di Modena e Reggio Emilia<\/span><\/a>. <strong>Il pomeriggio si svolger\u00e0 a tre moduli<\/strong>. Il primo modulo \u00e8 previsto alle 16.30 e riguarder\u00e0 la visita guidata alla mostra <a class=\"x1i10hfl xjbqb8w x6umtig x1b1mbwd xaqea5y xav7gou x9f619 x1ypdohk xt0psk2 xe8uvvx xdj266r x11i5rnm xat24cr x1mh8g0r xexx8yu x4uap5 x18d9i69 xkhd6sd x16tdsg8 x1hl2dhg xggy1nq x1a2a7pz xt0b8zv x1qq9wsj xo1l8bm\" tabindex=\"0\" role=\"link\" href=\"https:\/\/www.facebook.com\/events\/295165489962577\/?__cft__[0]=AZWSqOa6p7W5Syd9OoxuoSu_Ujbx26PAOssTTpqEkKIPppsFs8hW5V_xlUG5r7w1_IZ0zi46RGnyUwanQj4ENu_37dCMQJnI1l2inp8BCeJa5gou6TYPOYdgBzh79Chg-6fJjEoVigyO2aFy9cFdMa015TfRlC6LObP2RFElZt8OWql5FpvII-UjdUmx3kiVR0o&amp;__tn__=-UK-R\" rel=\"nofollow noopener\" target=\"_blank\"><span class=\"xt0psk2\">Felicitazioni! CCCP &#8211; Fedeli alla Linea 1984 &#8211; 2024 | Chiostri di San Pietro<\/span><\/a>. <strong>Il secondo modulo \u00e8 con entrata gratuita e riguarder\u00e0 la conferenza + presentazione \u00abEstetiche e linguaggi del punk\u00bb alle ore 18.00<\/strong> e alle 19 terzo modulo con Food in Chiostri presso Pause, risto-bar adiacente ai Chiostri di San Pietro. La conferenza-presentazione \u00abEstetiche e linguaggi del punk\u00bb \u00e8 gratuita con prenotazione obbligatoria presso Eventbride. La visita guidata alla mostra \u00e8 a prezzo ridotto per gli studenti universitari (6 euro) cos\u00ec come l&#8217;aperitivo finale presso Food in Chiostri (4 euro).<\/div>\n<div dir=\"auto\"><\/div>\n<div dir=\"auto\"><img loading=\"lazy\" class=\"alignnone size-medium wp-image-214953\" src=\"https:\/\/rizosfera.org\/wp-content\/uploads\/2023\/10\/Pettibon-300x195.jpg\" alt=\"\" width=\"300\" height=\"195\" srcset=\"https:\/\/rizosfera.org\/wp-content\/uploads\/2023\/10\/Pettibon-300x195.jpg 300w, https:\/\/rizosfera.org\/wp-content\/uploads\/2023\/10\/Pettibon-1024x667.jpg 1024w, https:\/\/rizosfera.org\/wp-content\/uploads\/2023\/10\/Pettibon-768x500.jpg 768w, https:\/\/rizosfera.org\/wp-content\/uploads\/2023\/10\/Pettibon-192x125.jpg 192w, https:\/\/rizosfera.org\/wp-content\/uploads\/2023\/10\/Pettibon-599x390.jpg 599w, https:\/\/rizosfera.org\/wp-content\/uploads\/2023\/10\/Pettibon-614x400.jpg 614w, https:\/\/rizosfera.org\/wp-content\/uploads\/2023\/10\/Pettibon-180x117.jpg 180w, https:\/\/rizosfera.org\/wp-content\/uploads\/2023\/10\/Pettibon-260x169.jpg 260w, https:\/\/rizosfera.org\/wp-content\/uploads\/2023\/10\/Pettibon-125x81.jpg 125w, https:\/\/rizosfera.org\/wp-content\/uploads\/2023\/10\/Pettibon.jpg 1920w\" sizes=\"(max-width: 300px) 100vw, 300px\" \/><\/div>\n<div dir=\"auto\"><\/div>\n<div dir=\"auto\"><\/div>\n<div dir=\"auto\">L&#8217;iniziativa del 14 dicembre segna anche l&#8217;inizio della collaborazione di Macchine Sensibili con Fondazione Palazzo Magnani e Universit\u00e0 di Modena e Reggio Emilia. Partner dell&#8217;iniziativa sono <a class=\"x1i10hfl xjbqb8w x6umtig x1b1mbwd xaqea5y xav7gou x9f619 x1ypdohk xt0psk2 xe8uvvx xdj266r x11i5rnm xat24cr x1mh8g0r xexx8yu x4uap5 x18d9i69 xkhd6sd x16tdsg8 x1hl2dhg xggy1nq x1a2a7pz xt0b8zv x1qq9wsj xo1l8bm\" tabindex=\"0\" role=\"link\" href=\"https:\/\/www.facebook.com\/associazioneculturalerizosfera?__cft__[0]=AZWSqOa6p7W5Syd9OoxuoSu_Ujbx26PAOssTTpqEkKIPppsFs8hW5V_xlUG5r7w1_IZ0zi46RGnyUwanQj4ENu_37dCMQJnI1l2inp8BCeJa5gou6TYPOYdgBzh79Chg-6fJjEoVigyO2aFy9cFdMa015TfRlC6LObP2RFElZt8OWql5FpvII-UjdUmx3kiVR0o&amp;__tn__=-]K-R\" rel=\"nofollow noopener\" target=\"_blank\"><span class=\"xt0psk2\">Rizosfera<\/span><\/a>, Spazio 49 Via Roma, <a class=\"x1i10hfl xjbqb8w x6umtig x1b1mbwd xaqea5y xav7gou x9f619 x1ypdohk xt0psk2 xe8uvvx xdj266r x11i5rnm xat24cr x1mh8g0r xexx8yu x4uap5 x18d9i69 xkhd6sd x16tdsg8 x1hl2dhg xggy1nq x1a2a7pz xt0b8zv x1qq9wsj xo1l8bm\" tabindex=\"0\" role=\"link\" href=\"https:\/\/www.facebook.com\/istorecoreggioemilia?__cft__[0]=AZWSqOa6p7W5Syd9OoxuoSu_Ujbx26PAOssTTpqEkKIPppsFs8hW5V_xlUG5r7w1_IZ0zi46RGnyUwanQj4ENu_37dCMQJnI1l2inp8BCeJa5gou6TYPOYdgBzh79Chg-6fJjEoVigyO2aFy9cFdMa015TfRlC6LObP2RFElZt8OWql5FpvII-UjdUmx3kiVR0o&amp;__tn__=-]K-R\" rel=\"nofollow noopener\" target=\"_blank\"><span class=\"xt0psk2\">Istoreco<\/span><\/a>, <a class=\"x1i10hfl xjbqb8w x6umtig x1b1mbwd xaqea5y xav7gou x9f619 x1ypdohk xt0psk2 xe8uvvx xdj266r x11i5rnm xat24cr x1mh8g0r xexx8yu x4uap5 x18d9i69 xkhd6sd x16tdsg8 x1hl2dhg xggy1nq x1a2a7pz xt0b8zv x1qq9wsj xo1l8bm\" tabindex=\"0\" role=\"link\" href=\"https:\/\/www.facebook.com\/chiostrisanpietro?__cft__[0]=AZWSqOa6p7W5Syd9OoxuoSu_Ujbx26PAOssTTpqEkKIPppsFs8hW5V_xlUG5r7w1_IZ0zi46RGnyUwanQj4ENu_37dCMQJnI1l2inp8BCeJa5gou6TYPOYdgBzh79Chg-6fJjEoVigyO2aFy9cFdMa015TfRlC6LObP2RFElZt8OWql5FpvII-UjdUmx3kiVR0o&amp;__tn__=-]K-R\" rel=\"nofollow noopener\" target=\"_blank\"><span class=\"xt0psk2\">Chiostri di San Pietro<\/span><\/a>, <a class=\"x1i10hfl xjbqb8w x6umtig x1b1mbwd xaqea5y xav7gou x9f619 x1ypdohk xt0psk2 xe8uvvx xdj266r x11i5rnm xat24cr x1mh8g0r xexx8yu x4uap5 x18d9i69 xkhd6sd x16tdsg8 x1hl2dhg xggy1nq x1a2a7pz xt0b8zv x1qq9wsj xo1l8bm\" tabindex=\"0\" role=\"link\" href=\"https:\/\/www.facebook.com\/cittadireggioemilia?__cft__[0]=AZWSqOa6p7W5Syd9OoxuoSu_Ujbx26PAOssTTpqEkKIPppsFs8hW5V_xlUG5r7w1_IZ0zi46RGnyUwanQj4ENu_37dCMQJnI1l2inp8BCeJa5gou6TYPOYdgBzh79Chg-6fJjEoVigyO2aFy9cFdMa015TfRlC6LObP2RFElZt8OWql5FpvII-UjdUmx3kiVR0o&amp;__tn__=-]K-R\" rel=\"nofollow noopener\" target=\"_blank\"><span class=\"xt0psk2\">Comune di Reggio Emilia<\/span><\/a> e Laboratori Aperti Emilia Romagna.<\/div>\n","protected":false},"excerpt":{"rendered":"<p>14 DICEMBRE, ORE 18.00 :: ESTETICHE E LINGUAGGI DEL PUNK. PRESENTAZIONE DEL LIBRO NAKED PUNK @SALA DELLE COLONNE, CHIOSTRI DI SAN PIETRO (REGGIO EMILIA,Via Emilia S. Pietro, 44c, ) Invito all&#8217;evento del 14 dicembre 2023, ore 18.00 \u00abEstetiche e linguaggi del punk\u00bb, Chiostri di San Pietro, Sala delle Colonne, Reggio Emilia :: Conferenza con presentazione [&hellip;]<\/p>\n","protected":false},"author":18,"featured_media":215198,"comment_status":"closed","ping_status":"open","sticky":false,"template":"","format":"standard","meta":[],"categories":[96,358,36,356,39,357,298],"tags":[],"acf":[],"_links":{"self":[{"href":"https:\/\/rizosfera.org\/en\/wp-json\/wp\/v2\/posts\/215219"}],"collection":[{"href":"https:\/\/rizosfera.org\/en\/wp-json\/wp\/v2\/posts"}],"about":[{"href":"https:\/\/rizosfera.org\/en\/wp-json\/wp\/v2\/types\/post"}],"author":[{"embeddable":true,"href":"https:\/\/rizosfera.org\/en\/wp-json\/wp\/v2\/users\/18"}],"replies":[{"embeddable":true,"href":"https:\/\/rizosfera.org\/en\/wp-json\/wp\/v2\/comments?post=215219"}],"version-history":[{"count":3,"href":"https:\/\/rizosfera.org\/en\/wp-json\/wp\/v2\/posts\/215219\/revisions"}],"predecessor-version":[{"id":215222,"href":"https:\/\/rizosfera.org\/en\/wp-json\/wp\/v2\/posts\/215219\/revisions\/215222"}],"wp:featuredmedia":[{"embeddable":true,"href":"https:\/\/rizosfera.org\/en\/wp-json\/wp\/v2\/media\/215198"}],"wp:attachment":[{"href":"https:\/\/rizosfera.org\/en\/wp-json\/wp\/v2\/media?parent=215219"}],"wp:term":[{"taxonomy":"category","embeddable":true,"href":"https:\/\/rizosfera.org\/en\/wp-json\/wp\/v2\/categories?post=215219"},{"taxonomy":"post_tag","embeddable":true,"href":"https:\/\/rizosfera.org\/en\/wp-json\/wp\/v2\/tags?post=215219"}],"curies":[{"name":"wp","href":"https:\/\/api.w.org\/{rel}","templated":true}]}}